{"id":30148,"date":"2026-09-04T00:09:55","date_gmt":"2026-09-03T21:09:55","guid":{"rendered":"https:\/\/togosunny.com\/asambe-festival-2026-les-tambours-togosunny-a-pohjala-tehas-26-septembre-2026\/"},"modified":"2026-09-04T00:21:27","modified_gmt":"2026-09-03T21:21:27","slug":"asambe-festival-2026-les-tambours-togosunny-a-pohjala-tehas-26-septembre-2026","status":"publish","type":"post","link":"https:\/\/www.togosunny.com\/fr\/asambe-festival-2026-les-tambours-togosunny-a-pohjala-tehas-26-septembre-2026\/","title":{"rendered":"Asambe Festival 2026 &#8211; Les tambours TogoSunny \u00e0 P\u00f5hjala tehas 26 septembre 2026"},"content":{"rendered":"\n<style>\n.asf26 * { box-sizing: border-box; }\n.asf26 { background:#f3eed3; color:#3a2000; font-family:'Lato',sans-serif; padding:0 20px 40px; max-width:960px; margin:0 auto; }\n.asf26-hero { margin:0 -20px 30px; }\n.asf26-hero img { width:100%; display:block; border-radius:0 0 14px 14px; }\n.asf26 h1 { font-family:'Cinzel Decorative',serif; font-size:2.6em; text-transform:uppercase; letter-spacing:2px; text-align:center; margin:0 0 10px; background:linear-gradient(90deg,#D4AF36,#EECF46); -webkit-background-clip:text; background-clip:text; color:transparent; line-height:1.2; }\n.asf26-subtitle { text-align:center; font-family:'Cinzel',serif; font-size:1.1em; letter-spacing:0.5px; margin-bottom:18px; color:#3a2000; }\n.asf26-badge { display:block; text-align:center; font-family:'Cinzel',serif; font-size:0.95em; letter-spacing:3px; text-transform:uppercase; color:#9a7910; margin-bottom:34px; }\n.asf26-intro { font-family:'Cormorant Garamond',serif; font-style:italic; font-size:1.3em; text-align:center; max-width:700px; margin:0 auto 44px; line-height:1.65; }\n.asf26-intro a { color:#9a7910; font-weight:700; }\n.asf26-dates { display:grid; grid-template-columns:1fr; gap:20px; max-width:420px; margin:0 auto 14px; }\n.asf26-card { background:#fffef5; border:1px solid #9a7910; border-radius:10px; padding:24px 20px; text-align:center; }\n.asf26-card .asf26-label { font-family:'Cinzel',serif; text-transform:uppercase; letter-spacing:1.5px; font-size:0.8em; color:#9a7910; margin-bottom:8px; }\n.asf26-card .asf26-value { font-size:1.15em; font-weight:700; line-height:1.4; }\n.asf26-note { text-align:center; font-style:italic; font-size:0.9em; color:#6b5010; max-width:520px; margin:0 auto 34px; line-height:1.5; }\n.asf26-location { background:#fffef5; border:1px solid #9a7910; border-radius:10px; padding:22px 24px; max-width:600px; margin:0 auto 44px; text-align:center; line-height:1.6; }\n.asf26-location .asf26-label { font-family:'Cinzel',serif; text-transform:uppercase; letter-spacing:1.5px; font-size:0.8em; color:#9a7910; margin-bottom:8px; display:block; }\n.asf26-location a { color:#9a7910; font-weight:700; text-decoration:none; border-bottom:1px solid #9a7910; }\n.asf26-section-title { font-family:'Cinzel Decorative',serif; font-size:1.7em; text-align:center; text-transform:uppercase; letter-spacing:1.5px; margin:10px 0 22px; color:#3a2000; }\n.asf26-services { display:grid; grid-template-columns:repeat(3,1fr); gap:20px; margin-bottom:44px; }\n.asf26-service { background:#fffef5; border:1px solid #9a7910; border-radius:10px; padding:22px 18px; text-align:center; color:#3a2000; display:block; text-decoration:none; }\n.asf26-service, .asf26-service .asf26-desc, .asf26-service .asf26-icon { text-decoration:none; }\n.asf26-service .asf26-icon { font-size:2em; margin-bottom:10px; display:block; }\n.asf26-service .asf26-stitle { font-family:'Cinzel',serif; font-weight:700; font-size:1em; margin-bottom:8px; }\n.asf26-service .asf26-desc { font-size:0.88em; line-height:1.5; }\n.asf26-service .asf26-links { margin-top:10px; display:flex; flex-direction:column; gap:6px; }\n.asf26-service .asf26-links a { color:#9a7910; font-weight:700; text-decoration:none; font-size:0.9em; border-bottom:1px solid #9a7910; }\n.asf26-about, .asf26-contact { background:#fffef5; border:1px solid #9a7910; border-radius:10px; padding:26px 24px; margin-bottom:30px; line-height:1.75; }\n.asf26-contact { text-align:center; }\n.asf26-contact a { color:#9a7910; font-weight:700; text-decoration:none; border-bottom:1px solid #9a7910; }\n.asf26-results-title { font-family:'Cinzel Decorative',serif; font-size:2.6em; text-align:center; text-transform:uppercase; letter-spacing:2px; margin:50px 0 20px; color:#3a2000; }\n.asf26-results-pending { text-align:center; font-family:'Cormorant Garamond',serif; font-style:italic; font-size:1.15em; color:#6b5010; padding:26px; border:1.5px dashed #9a7910; border-radius:10px; max-width:600px; margin:0 auto; }\n@media(max-width:640px){\n  .asf26-services{grid-template-columns:1fr;}\n  .asf26 h1{font-size:1.7em;}\n  .asf26-results-title{font-size:1.9em;}\n}\n<\/style>\n<link rel=\"preconnect\" href=\"https:\/\/fonts.googleapis.com\">\n<link href=\"https:\/\/fonts.googleapis.com\/css2?family=Cinzel+Decorative:wght@700&#038;family=Cinzel:wght@400;600&#038;family=Cormorant+Garamond:ital@1&#038;family=Lato:wght@400;700&#038;display=swap\" rel=\"stylesheet\">\n \n<div class=\"asf26\">\n \n  <div class=\"asf26-hero\">\n    <img decoding=\"async\" src=\"https:\/\/togosunny.com\/wp-content\/uploads\/AsambeFestival202609hero.jpeg\" alt=\"TogoSunny au festival Asambe\">\n  <\/div>\n \n  <h1>Asambe Festival 2026 \u2014 Les tambours TogoSunny \u00e0 P\u00f5hjala tehas<\/h1>\n  <div class=\"asf26-subtitle\">La plus grande f\u00eate de la communaut\u00e9 africaine d&rsquo;Estonie, \u00e0 Kopli \u2014 musique, danse et gastronomie<\/div>\n  <div class=\"asf26-badge\">26 septembre 2026<\/div>\n \n  <p class=\"asf26-intro\">Le 26 septembre, Kopli s&#8217;embrase aux couleurs de l&rsquo;Afrique : \u00e0 la galerie Sepikoja, dans les murs de P\u00f5hjala tehas, danseurs venus d&rsquo;Ouganda et de C\u00f4te d&rsquo;Ivoire, DJ set et live afrobeats de l&rsquo;artiste nig\u00e9rian Mabs animent la plus grande f\u00eate de la communaut\u00e9 africaine d&rsquo;Estonie. TogoSunny y installe ses djemb\u00e9s et fait vibrer la salle \u2014 et si le rythme et les couleurs te restent apr\u00e8s la f\u00eate, il y en a bien plus qui t&rsquo;attend sur <a href=\"https:\/\/togosunny.com\/fr\/\" target=\"_blank\" rel=\"noopener\">togosunny.com<\/a>.<\/p>\n \n  <div class=\"asf26-dates\">\n    <div class=\"asf26-card\">\n      <div class=\"asf26-label\">Quand<\/div>\n      <div class=\"asf26-value\">Samedi 26 septembre 2026<br>17h00\u201321h00<\/div>\n    <\/div>\n  <\/div>\n  <div class=\"asf26-note\">Programme : 18h\u201319h danses (Jean Baptiste et Bogere) \u00b7 19h\u201320h DJ set (DJ Yas Lo) \u00b7 20h\u201321h live afrobeats (Mabs). Entr\u00e9e gratuite.<\/div>\n \n  <div class=\"asf26-location\">\n    <span class=\"asf26-label\">O\u00f9<\/span>\n    Sepikoja galerii, P\u00f5hjala tehas \u2014 Marati 5\/2, Kopli, Tallinn<br>\n    Page de l&rsquo;\u00e9v\u00e9nement : <a href=\"https:\/\/fb.me\/e\/4KrceYf6t\" target=\"_blank\" rel=\"noopener\">Facebook<\/a>\n  <\/div>\n \n  <div class=\"asf26-section-title\">TogoSunny \u00e0 Asambe<\/div>\n  <div class=\"asf26-services\">\n    <a class=\"asf26-service\" href=\"https:\/\/togosunny.com\/fr\/services\/\ud83e\udd41-section-djembe-culture-emotionnelle-et-service-dynamisant\/\" target=\"_blank\" rel=\"noopener\">\n      <span class=\"asf26-icon\">\ud83e\udd41<\/span>\n      <span class=\"asf26-stitle\">Section djemb\u00e9<\/span>\n      <span class=\"asf26-desc\">\u00c9motion, culture et \u00e9nergie \u2014 un rythme de tambour vivant qui r\u00e9veille la foule.<\/span>\n    <\/a>\n    <a class=\"asf26-service\" href=\"https:\/\/togosunny.com\/fr\/services\/\ud83d\udd4a\ufe0f-vitrine-culturelle-presentation-du-togo-et-de-sa-communaute\/\" target=\"_blank\" rel=\"noopener\">\n      <span class=\"asf26-icon\">\ud83d\udd4a\ufe0f<\/span>\n      <span class=\"asf26-stitle\">Vitrine culturelle<\/span>\n      <span class=\"asf26-desc\">Pr\u00e9sentation du Togo et de sa communaut\u00e9 \u2014 r\u00e9cits et objets venus de loin.<\/span>\n    <\/a>\n    <div class=\"asf26-service\">\n      <span class=\"asf26-icon\">\ud83c\udfad\ud83e\uddf6<\/span>\n      <span class=\"asf26-stitle\">Objets d&rsquo;Arts<\/span>\n      <span class=\"asf26-desc\">Tambours en bois, calebasses et autres pi\u00e8ces artisanales d&rsquo;Afrique de l&rsquo;Ouest, \u00e0 toucher et \u00e0 emporter.<\/span>\n      <span class=\"asf26-links\">\n        <a href=\"https:\/\/togosunny.com\/fr\/produits\/\ud83c\udfad-\ud83e\uddf6-objets-darts\/instruments-de-musique-africains\/\" target=\"_blank\" rel=\"noopener\">Instruments de musique africains<\/a>\n        <a href=\"https:\/\/togosunny.com\/fr\/produits\/\ud83c\udfad-\ud83e\uddf6-objets-darts\/calebasse\/\" target=\"_blank\" rel=\"noopener\">Calebasse<\/a>\n      <\/span>\n    <\/div>\n  <\/div>\n \n  <div class=\"asf26-about\">\n    Asambe Festival est la plus grande f\u00eate de la culture africaine en Estonie \u2014 une soir\u00e9e de musique, de danse et de gastronomie \u00e0 la galerie Sepikoja. Aux c\u00f4t\u00e9s des rythmes de djemb\u00e9 de TogoSunny, la soir\u00e9e r\u00e9unit l&rsquo;artiste afrobeats nig\u00e9rian Mabs, les danseurs Jean Baptiste et Bogere (venus d&rsquo;Ouganda et de C\u00f4te d&rsquo;Ivoire), un DJ set de DJ Yas Lo, la cuisine nig\u00e9riane d&rsquo;Ify Kitchen, et des tresses par Shola. L&rsquo;entr\u00e9e est gratuite. Asambe Festival fait partie du programme des Journ\u00e9es des cultures nationales de Tallinn, du 19 au 27 septembre 2026.\n  <\/div>\n \n  <div class=\"asf26-contact\">\n    Envie d&rsquo;une prestation de djemb\u00e9, d&rsquo;un atelier, ou du stand TogoSunny pour votre \u00e9v\u00e9nement ?<br>\n    \u00c9crivez-nous : <a href=\"mailto:info@togosunny.com\">info@togosunny.com<\/a> \u2014 ou d\u00e9couvrez tout le reste sur <a href=\"https:\/\/togosunny.com\/fr\/\" target=\"_blank\" rel=\"noopener\">togosunny.com<\/a>.\n  <\/div>\n \n  <div class=\"asf26-results-title\">R\u00e9sultats<\/div>\n  <div class=\"asf26-results-pending\">\ud83d\udcf8 Les photos et vid\u00e9os de l&rsquo;\u00e9dition 2026 seront ajout\u00e9es ici apr\u00e8s le festival.<\/div>\n \n<\/div>\n","protected":false},"excerpt":{"rendered":"<p>Asambe Festival 2026 \u2014 Les tambours TogoSunny \u00e0 P\u00f5hjala tehas La plus grande f\u00eate de la communaut\u00e9 africaine d&rsquo;Estonie, \u00e0 Kopli \u2014 musique, danse et gastronomie 26 septembre 2026 Le 26 septembre, Kopli s&#8217;embrase aux couleurs de l&rsquo;Afrique : \u00e0 la galerie Sepikoja, dans les murs de P\u00f5hjala tehas, danseurs venus d&rsquo;Ouganda et de C\u00f4te [&hellip;]<\/p>\n","protected":false},"author":2,"featured_media":30147,"comment_status":"open","ping_status":"closed","sticky":false,"template":"","format":"standard","meta":{"footnotes":""},"categories":[1273],"tags":[1307],"class_list":["post-30148","post","type-post","status-publish","format-standard","has-post-thumbnail","hentry","category-evenements-togosunny","tag-septembre-2026"],"_links":{"self":[{"href":"https:\/\/www.togosunny.com\/fr\/wp-json\/wp\/v2\/posts\/30148","targetHints":{"allow":["GET"]}}],"collection":[{"href":"https:\/\/www.togosunny.com\/fr\/wp-json\/wp\/v2\/posts"}],"about":[{"href":"https:\/\/www.togosunny.com\/fr\/wp-json\/wp\/v2\/types\/post"}],"author":[{"embeddable":true,"href":"https:\/\/www.togosunny.com\/fr\/wp-json\/wp\/v2\/users\/2"}],"replies":[{"embeddable":true,"href":"https:\/\/www.togosunny.com\/fr\/wp-json\/wp\/v2\/comments?post=30148"}],"version-history":[{"count":3,"href":"https:\/\/www.togosunny.com\/fr\/wp-json\/wp\/v2\/posts\/30148\/revisions"}],"predecessor-version":[{"id":30170,"href":"https:\/\/www.togosunny.com\/fr\/wp-json\/wp\/v2\/posts\/30148\/revisions\/30170"}],"wp:featuredmedia":[{"embeddable":true,"href":"https:\/\/www.togosunny.com\/fr\/wp-json\/wp\/v2\/media\/30147"}],"wp:attachment":[{"href":"https:\/\/www.togosunny.com\/fr\/wp-json\/wp\/v2\/media?parent=30148"}],"wp:term":[{"taxonomy":"category","embeddable":true,"href":"https:\/\/www.togosunny.com\/fr\/wp-json\/wp\/v2\/categories?post=30148"},{"taxonomy":"post_tag","embeddable":true,"href":"https:\/\/www.togosunny.com\/fr\/wp-json\/wp\/v2\/tags?post=30148"}],"curies":[{"name":"wp","href":"https:\/\/api.w.org\/{rel}","templated":true}]}}